{"id":1135,"__str__":"Reuni\u00e3o Conjunta","metadata":{"signs":{"upload_anexo":{"admin":[],"autores":[["Nome do Assinante N\u00e3o Localizado.",["2026-08-23T22:02:21-03:00","C\u00e2mara Municipal de Caruaru"]],["Vereador Edmilson do Salgado",["2026-08-23T22:02:11-03:00",""]],["Vereador Hugo Leonardo Chaves",["2026-08-23T22:02:56-03:00",""]],["Vereador Lula T\u00f4rres e Paulinho",["2026-08-23T22:02:44-03:00",""]],["Vereador Professor Jorge Quintino",["2026-08-23T22:02:33-03:00",""]]]}}},"numero":159,"nome":"Reuni\u00e3o Conjunta","tema":"An\u00e1lise de proposituras","data":"2026-08-25","hora_inicio":"09:00:00","hora_fim":null,"local_reuniao":"H\u00edbrida / Sala das Comiss\u00f5es","observacao":"","url_audio":"","url_video":"","upload_pauta":"http://sapl.caruaru.pe.leg.br/media/sapl/public/reuniao/1135/pauta/pauta_reuniao_comissoes_2026_08_231.pdf","upload_ata":null,"upload_anexo":"http://sapl.caruaru.pe.leg.br/media/sapl/public/reuniao/1135/anexo/edital_reuniao_comissoes_2026_08_231.pdf","periodo":20,"comissao":2}