{"id":844,"__str__":"Reuni\u00e3o Conjunta","metadata":{"signs":{"upload_anexo":{"admin":[],"autores":[["Nome do Assinante N\u00e3o Localizado.",["2025-01-08T09:54:44-03:00","C\u00e2mara Municipal de Caruaru"]],["Vereador Fagner dos Animais",["2025-01-08T09:55:10-03:00",""]],["Vereador Hugo Leonardo Chaves",["2025-01-08T09:54:16-03:00",""]],["Vereador Lula T\u00f4rres e Paulinho",["2025-01-08T09:54:29-03:00",""]],["Vereador Raminho Xavier",["2025-01-08T09:55:23-03:00",""]]]}}},"numero":238,"nome":"Reuni\u00e3o Conjunta","tema":"An\u00e1lise de Proposi\u00e7\u00f5es","data":"2025-01-09","hora_inicio":"09:00:00","hora_fim":null,"local_reuniao":"Sala das Comiss\u00f5es / H\u00edbrida","observacao":"","url_audio":"","url_video":"","upload_pauta":"http://sapl.caruaru.pe.leg.br/media/sapl/public/reuniao/844/pauta/pauta_reuniao_conjunta_09.01.2025.pdf","upload_ata":null,"upload_anexo":"http://sapl.caruaru.pe.leg.br/media/sapl/public/reuniao/844/anexo/edital_reuniao_conjunta_09.01.2025.pdf","periodo":20,"comissao":2}