{"id":10052,"__str__":"AUT\u00d3GRAFO - AUT\u00d3GRAFO de 08/10/2025 por DLD","metadata":{"signs":{"arquivo":{"admin":[],"autores":[["Nome do Assinante N\u00e3o Localizado.",["2025-10-08T09:03:49-03:00","C\u00e2mara Municipal de Caruaru"]],["Vereador Anderson Correia",["2025-10-08T09:04:15-03:00",""]],["Vereador Galego de Lajes",["2025-10-08T09:04:30-03:00",""]]]}}},"nome":"AUT\u00d3GRAFO","data":"2025-10-08","autor":"DLD","ementa":"","indexacao":"","arquivo":"http://sapl.caruaru.pe.leg.br/media/sapl/public/documentoacessorio/2025/10052/autougrafo_pl_10141-2025.pdf","data_ultima_atualizacao":"2025-10-08T10:24:29.409578-03:00","materia":40433,"tipo":3}