{"id":10066,"__str__":"AUT\u00d3GRAFO - Aut\u00f3grafo de 22/10/2025 por DLD","metadata":{"signs":{"arquivo":{"admin":[],"autores":[["Nome do Assinante N\u00e3o Localizado.",["2025-10-22T10:26:58-03:00","C\u00e2mara Municipal de Caruaru"]],["Vereador Anderson Correia",["2025-10-22T10:27:45-03:00",""]],["Vereador Galego de Lajes",["2025-10-22T10:28:31-03:00",""]]]}}},"nome":"Aut\u00f3grafo","data":"2025-10-22","autor":"DLD","ementa":"","indexacao":"","arquivo":"http://sapl.caruaru.pe.leg.br/media/sapl/public/documentoacessorio/2025/10066/autougrafo_pl_10284-2025.pdf","data_ultima_atualizacao":"2025-10-22T11:08:04.142283-03:00","materia":42576,"tipo":3}