{"id":10158,"__str__":"AUT\u00d3GRAFO - Aut\u00f3grafo de 22/12/2025 por DLD","metadata":{"signs":{"arquivo":{"admin":[],"autores":[["Nome do Assinante N\u00e3o Localizado.",["2025-12-22T10:34:09-03:00","C\u00e2mara Municipal de Caruaru"]],["Vereador Anderson Correia",["2025-12-22T10:37:05-03:00",""]],["Vereador Galego de Lajes",["2025-12-22T10:39:15-03:00",""]]]}}},"nome":"Aut\u00f3grafo","data":"2025-12-22","autor":"DLD","ementa":"","indexacao":"","arquivo":"http://sapl.caruaru.pe.leg.br/media/sapl/public/documentoacessorio/2025/10158/autougrafo_pl_10327-2025.pdf","data_ultima_atualizacao":"2025-12-22T15:37:58.646386-03:00","materia":43912,"tipo":3}