{"id":1237,"__str__":"OUTROS - Croqui da art\u00e9ria de 23/05/2018 por Matheus Batista - Ap\u00f3io \u00e0 Fiscaliza\u00e7\u00e3o","metadata":{},"nome":"Croqui da art\u00e9ria","data":"2018-05-23","autor":"Matheus Batista - Ap\u00f3io \u00e0 Fiscaliza\u00e7\u00e3o","ementa":"Captura da tela do Google My Maps da delimita\u00e7\u00e3o da mat\u00e9ria.","indexacao":"","arquivo":"http://sapl.caruaru.pe.leg.br/media/sapl/public/documentoacessorio/2017/1237/pl_7419-2017_-_denominacao_de_arteria_-_rua_jos_XNOt2dZ.pdf","data_ultima_atualizacao":"2018-05-23T08:11:58.049051-03:00","materia":5197,"tipo":6}