{"id":1239,"__str__":"OUTROS - Croqui da art\u00e9ria de 23/05/2018 por Matheus Batista - Ap\u00f3io \u00e0 Fiscaliza\u00e7\u00e3o","metadata":{},"nome":"Croqui da art\u00e9ria","data":"2018-05-23","autor":"Matheus Batista - Ap\u00f3io \u00e0 Fiscaliza\u00e7\u00e3o","ementa":"Captura de tela do Google My Maps da delimita\u00e7\u00e3o do logradouro Rua Jardim do \u00c9den","indexacao":"","arquivo":"http://sapl.caruaru.pe.leg.br/media/sapl/public/documentoacessorio/2017/1239/pl_7437-2017_-_denominacao_de_arteria_-_rua_jar_6c1IQXA.pdf","data_ultima_atualizacao":"2018-05-23T09:10:10.739881-03:00","materia":5199,"tipo":6}