{"id":1408,"__str__":"OUTROS - croqui do logradouro de 08/08/2018 por Matheus Batista - Apoio \u00e0 Fiscaliza\u00e7\u00e3o","metadata":{},"nome":"croqui do logradouro","data":"2018-08-08","autor":"Matheus Batista - Apoio \u00e0 Fiscaliza\u00e7\u00e3o","ementa":"Captura da tela do My Maps da delimita\u00e7\u00e3o da art\u00e9ria Avenida Josivaldo Barreto.","indexacao":"","arquivo":"http://sapl.caruaru.pe.leg.br/media/sapl/public/documentoacessorio/2017/1408/imagem_capturada_para_o_projeto_de_lei_7.623.pdf","data_ultima_atualizacao":"2018-08-08T08:29:23.969533-03:00","materia":1982,"tipo":6}