{"id":1592,"__str__":"ATA DE REUNI\u00c3O - Reuni\u00e3o conjunta com CFO e CLRL de 04/09/2018 por CLRL e CFO","metadata":{},"nome":"Reuni\u00e3o conjunta com CFO e CLRL","data":"2018-09-04","autor":"CLRL e CFO","ementa":"ATA DA REUNI\u00c3O EXTRAORDIN\u00c1RIA CONJUNTA DA COMISS\u00c3O DE LEGISLA\u00c7\u00c3O E REDA\u00c7\u00c3O DE LEIS, FINAN\u00c7AS E OR\u00c7AMENTO E COM A FINALIDADE DE DISCUTIR MAT\u00c9RIAS DELIBERATIVAS.","indexacao":"","arquivo":"http://sapl.caruaru.pe.leg.br/media/sapl/public/documentoacessorio/2018/1592/ata_legislacao_e_redacao_e__financas_e_orcament_9fRHJ9X.pdf","data_ultima_atualizacao":"2018-09-04T12:12:53.884499-03:00","materia":4472,"tipo":2}