{"id":1877,"__str__":"OUTROS - croqui de delimita\u00e7\u00e3o da pra\u00e7a de 24/10/2018 por Matheus Batista - Apoio \u00e0 Fiscaliza\u00e7\u00e3o","metadata":{},"nome":"croqui de delimita\u00e7\u00e3o da pra\u00e7a","data":"2018-10-24","autor":"Matheus Batista - Apoio \u00e0 Fiscaliza\u00e7\u00e3o","ementa":"Em resposta ao Projeto de Lei n\u00ba 7.643/2017","indexacao":"","arquivo":"http://sapl.caruaru.pe.leg.br/media/sapl/public/documentoacessorio/2017/1877/captura_da_tela_do_google_my_maps_do_tracado_pr_sVAHZ5v.pdf","data_ultima_atualizacao":"2018-10-24T11:17:28.168374-03:00","materia":2292,"tipo":6}