{"id":2046,"__str__":"OUTROS - Captura da tela do Google de 27/11/2018 por \u00c2ngelo Wanderley Lopes M\u00e9lo - Apoio \u00e0 auditoria","metadata":{},"nome":"Captura da tela do Google","data":"2018-11-27","autor":"\u00c2ngelo Wanderley Lopes M\u00e9lo - Apoio \u00e0 auditoria","ementa":"Delimita\u00e7\u00e3o da Pra\u00e7a Severino Vieira da Silva.","indexacao":"","arquivo":"http://sapl.caruaru.pe.leg.br/media/sapl/public/documentoacessorio/2018/2046/imagem_capturada_para_o_projeto_de_lei_7.852.pdf","data_ultima_atualizacao":"2018-11-27T10:57:49.186817-03:00","materia":6628,"tipo":6}