{"id":3092,"__str__":"OUTROS - Solicita\u00e7\u00e3o de Audi\u00eancia P\u00fablica de 13/05/2019 por Grupo Conservadores de Pernambuco","metadata":{},"nome":"Solicita\u00e7\u00e3o de Audi\u00eancia P\u00fablica","data":"2019-05-13","autor":"Grupo Conservadores de Pernambuco","ementa":"Solicitar a Realiza\u00e7\u00e3o de Audi\u00eancia P\u00fablica.","indexacao":"","arquivo":"http://sapl.caruaru.pe.leg.br/media/sapl/public/documentoacessorio/2019/3092/notificacao.pdf","data_ultima_atualizacao":"2019-05-13T12:03:30.019474-03:00","materia":9090,"tipo":6}