{"id":3290,"__str__":"ATA DE REUNI\u00c3O - Reuni\u00e3o conjunta de 28/06/2019 por CLRL, CFO e CECE","metadata":{},"nome":"Reuni\u00e3o conjunta","data":"2019-06-28","autor":"CLRL, CFO e CECE","ementa":"ATA DA REUNI\u00c3O CONJUNTA DAS COMISS\u00d5ES DE LEGISLA\u00c7\u00c3O E REDA\u00c7\u00c3O DE LEIS; FINAN\u00c7AS E OR\u00c7AMENTO; EDUCA\u00c7\u00c3O, CULTURA E ESPORTES COM A FINALIDADE DE DISCUTIR O PROJETO DE LEI COMPLEMENTAR N\u00ba 83/2019 DE AUTORIA DO PODER EXECUTIVO QUE \u201cCONCEDE REPOSI\u00c7\u00c3O INFLACION\u00c1RIA PARA OS PROFISSIONAIS AUXILIARES DE ENFERMAGEM, T\u00c9CNICOS DE ENFERMAGEM E ENFERMEIROS E D\u00c1 OUTRAS PROVID\u00caNCIAS\u201d; PROJETO DE LEI COMPLEMENTAR N\u00ba 83/2019 QUE \u201cDISP\u00d5E SOBRE O PROGRAMA DE EDUCA\u00c7\u00c3O INTEGRAL NO \u00c2MBITO DO MUNIC\u00cdPIO DE CARUARU E D\u00c1 OUTRAS PROVID\u00caNCIAS.\u201d.","indexacao":"","arquivo":"http://sapl.caruaru.pe.leg.br/media/sapl/public/documentoacessorio/2019/3290/ata_de_reuniao_conjunto_do_executivo_28.06.201999.pdf","data_ultima_atualizacao":"2019-06-28T11:17:52.864810-03:00","materia":10694,"tipo":2}