{"id":3308,"__str__":"ATA DE REUNI\u00c3O - Reuni\u00e3o conjunta de 05/07/2019 por CLRL e \u00c9tica","metadata":{},"nome":"Reuni\u00e3o conjunta","data":"2019-07-05","autor":"CLRL e \u00c9tica","ementa":"ATA DA REUNI\u00c3O CONJUNTA DA COMISS\u00c3O DE \u00c9TICA PARLAMENTAR E LEGISLA\u00c7\u00c3O E REDA\u00c7\u00c3O DE LEIS COM A FINALIDADE DE INICIAR OS TRABALHOS DO BI\u00caNIO 2019/2020 E DISCUTIR MAT\u00c9RIAS DELIBERATIVAS APRESENTADAS.","indexacao":"","arquivo":"http://sapl.caruaru.pe.leg.br/media/sapl/public/documentoacessorio/2019/3308/ata_conjunta_etica_e_legislacao_-_junho_corrigida.pdf","data_ultima_atualizacao":"2019-07-05T10:30:17.399406-03:00","materia":9679,"tipo":2}