{"id":3812,"__str__":"ATA DE REUNI\u00c3O - Reuni\u00e3o conjunta extraordin\u00e1ria de 26/09/2019 por CLRL e \u00c9tica","metadata":{},"nome":"Reuni\u00e3o conjunta extraordin\u00e1ria","data":"2019-09-26","autor":"CLRL e \u00c9tica","ementa":"ATA DA REUNI\u00c3O CONJUNTA EXTRAORDIN\u00c1RIA DA COMISS\u00c3O DE LEGISLA\u00c7\u00c3O E REDA\u00c7\u00c3O DE LEIS E A COMISS\u00c3O DE \u00c9TICA PARLAMENTAR COM A FINALIDADE DE DISCUTIR MAT\u00c9RIAS DELIBERATIVAS APRESENTADAS.","indexacao":"","arquivo":"http://sapl.caruaru.pe.leg.br/media/sapl/public/documentoacessorio/2019/3812/ata_conjunta_clrl_e_etica_26.09.2019.pdf","data_ultima_atualizacao":"2019-09-26T11:22:06.464809-03:00","materia":11930,"tipo":2}