{"id":4084,"__str__":"ATA DE REUNI\u00c3O - Reuni\u00e3o Conjunta CLRL e \u00c9tica de 07/11/2019 por CLRL e \u00c9tica","metadata":{},"nome":"Reuni\u00e3o Conjunta CLRL e \u00c9tica","data":"2019-11-07","autor":"CLRL e \u00c9tica","ementa":"ATA DA REUNI\u00c3O CONJUNTA ORDIN\u00c1RIA DA COMISS\u00c3O DE LEGISLA\u00c7\u00c3O E REDA\u00c7\u00c3O DE LEIS E A COMISS\u00c3O DE \u00c9TICA PARLAMENTAR COM A FINALIDADE DE DISCUTIR MAT\u00c9RIAS DELIBERATIVAS APRESENTADAS.","indexacao":"","arquivo":"http://sapl.caruaru.pe.leg.br/media/sapl/public/documentoacessorio/2019/4084/ata_conjunta_clrl_e_etica_06.11.2019.pdf","data_ultima_atualizacao":"2019-11-07T09:19:49.687846-03:00","materia":12691,"tipo":2}