{"id":8627,"__str__":"AUT\u00d3GRAFO - AUT\u00d3GRAFO de 09/02/2023 por DLD","metadata":{},"nome":"AUT\u00d3GRAFO","data":"2023-02-09","autor":"DLD","ementa":"Institui o Programa de Jornada Extra de Tr\u00e2nsito \u2013 PJET no \u00e2mbito da Autarquia de Mobilidade, Tr\u00e2nsito e Transporte de Caruaru \u2013 AMTTC.","indexacao":"","arquivo":"http://sapl.caruaru.pe.leg.br/media/sapl/public/documentoacessorio/2023/8627/autografo_do_pl_9447-2023.pdf","data_ultima_atualizacao":"2023-02-09T19:46:22.893764-03:00","materia":28783,"tipo":3}