{"id":8629,"__str__":"AUT\u00d3GRAFO - AUT\u00d3GRAFO de 09/02/2023 por DLD","metadata":{},"nome":"AUT\u00d3GRAFO","data":"2023-02-09","autor":"DLD","ementa":"Institui o Programa de Jornada Extra de Preven\u00e7\u00e3o \u00e0 Viol\u00eancia \u2013 PJEPV no \u00e2mbito da Secretaria de Ordem P\u00fablica - SECOP.","indexacao":"","arquivo":"http://sapl.caruaru.pe.leg.br/media/sapl/public/documentoacessorio/2023/8629/autografo_do_pl_9448-2023.pdf","data_ultima_atualizacao":"2023-02-09T19:48:07.157609-03:00","materia":28785,"tipo":3}