{"id":8832,"__str__":"AUT\u00d3GRAFO - AUT\u00d3GRAFO de 15/08/2023 por DLD","metadata":{},"nome":"AUT\u00d3GRAFO","data":"2023-08-15","autor":"DLD","ementa":"Denomina art\u00e9ria nesta cidade e d\u00e1 outras provid\u00eancias \u2013 RUA ARTES\u00c3O SEVERINO VITALINO\r\n(Arquivo corrigido reenviado ap\u00f3s inclus\u00e3o posterior de emenda no SAPL)","indexacao":"","arquivo":"http://sapl.caruaru.pe.leg.br/media/sapl/public/documentoacessorio/2023/8832/autografo_do_pl_9561-2023_-_corrigido.pdf","data_ultima_atualizacao":"2023-08-15T12:35:33.148388-03:00","materia":30573,"tipo":3}