{"id":8878,"__str__":"AUT\u00d3GRAFO - AUT\u00d3GRAFO de 25/08/2023 por DLD","metadata":{},"nome":"AUT\u00d3GRAFO","data":"2023-08-25","autor":"DLD","ementa":"Institui a Semana da Ado\u00e7\u00e3o em Caruaru.","indexacao":"","arquivo":"http://sapl.caruaru.pe.leg.br/media/sapl/public/documentoacessorio/2019/8878/autografo_do_pl_8273-2019.pdf","data_ultima_atualizacao":"2023-08-25T09:16:51.451491-03:00","materia":11004,"tipo":3}