{"id":9858,"__str__":"OF\u00cdCIO - Convites - Audi\u00eancia P\u00fablica - Executivo e CESPAM de 19/08/2024 por ","metadata":{},"nome":"Convites - Audi\u00eancia P\u00fablica - Executivo e CESPAM","data":"2024-08-19","autor":"","ementa":"","indexacao":"","arquivo":"http://sapl.caruaru.pe.leg.br/media/sapl/public/documentoacessorio/2024/9858/poder_legislativo.pdf","data_ultima_atualizacao":"2024-08-19T11:37:26.146426-03:00","materia":36546,"tipo":7}