{"id":9985,"__str__":"AUT\u00d3GRAFO - Aut\u00f3grafo de 18/06/2025 por DLD","metadata":{"signs":{"arquivo":{"admin":[],"autores":[["Nome do Assinante N\u00e3o Localizado.",["2025-06-18T12:03:35-03:00","C\u00e2mara Municipal de Caruaru"]],["Vereador Anderson Correia",["2025-06-18T12:07:13-03:00",""]],["Vereador Galego de Lajes",["2025-06-18T12:08:01-03:00",""]]]}}},"nome":"Aut\u00f3grafo","data":"2025-06-18","autor":"DLD","ementa":"","indexacao":"","arquivo":"http://sapl.caruaru.pe.leg.br/media/sapl/public/documentoacessorio/2025/9985/autougrafo_plc_193-2025.pdf","data_ultima_atualizacao":"2025-06-18T14:05:08.227799-03:00","materia":40520,"tipo":3}