{"id":10204,"__str__":"REQUERIMENTO n\u00ba 1146 de 2019","metadata":{},"numero":1146,"ano":2019,"numero_protocolo":1913,"data_apresentacao":"2019-05-16","tipo_apresentacao":"","data_publicacao":null,"numero_origem_externa":"","ano_origem_externa":null,"data_origem_externa":null,"apelido":"","dias_prazo":null,"data_fim_prazo":null,"em_tramitacao":false,"polemica":null,"objeto":"","complementar":null,"ementa":"REQUER A IMPLANTA\u00c7\u00c3O DE SINALIZA\u00c7\u00c3O VERTICAL, NA RUA MARIA ELLEN DA COSTA SILVA, NO BAIRRO MAUR\u00cdCIO DE NASSAU, PRIORIZANDO AS IMEDIA\u00c7\u00d5ES DO COL\u00c9GIO BELA FLOR, CONFORME ORIENTA\u00c7\u00c3O T\u00c9CNICA CONTIDA NO OF\u00cdCIO DESTRA/GAB/483/2019, DATADO DE 09 DE MAIO DE 2019, EM RESPOSTA AO REQUERIMENTO N\u00ba 487/2019, DE 12 DE MAR\u00c7O DE 2019.","indexacao":"","observacao":"","resultado":"","texto_original":"http://sapl.caruaru.pe.leg.br/media/sapl/public/materialegislativa/2019/10204/req._-_instalacao_de_sinalizacao_vertical-rua__C0fCO4X.pdf","data_ultima_atualizacao":"2021-02-06T10:56:00.088694-03:00","ip":"","ultima_edicao":null,"tipo":1,"regime_tramitacao":1,"tipo_origem_externa":null,"local_origem_externa":null,"user":null,"anexadas":[],"autores":[24]}