{"id":10604,"__str__":"REQUERIMENTO n\u00ba 1317 de 2019","metadata":{},"numero":1317,"ano":2019,"numero_protocolo":2282,"data_apresentacao":"2019-06-13","tipo_apresentacao":"","data_publicacao":null,"numero_origem_externa":"","ano_origem_externa":null,"data_origem_externa":null,"apelido":"","dias_prazo":null,"data_fim_prazo":null,"em_tramitacao":false,"polemica":null,"objeto":"","complementar":null,"ementa":"Requer uma Sess\u00e3o Solene, em homenagem ao anivers\u00e1rio de funda\u00e7\u00e3o da C\u00e2mara Municipal de Caruaru, no dia 16 de setembro do corrente ano.","indexacao":"","observacao":"","resultado":"","texto_original":"http://sapl.caruaru.pe.leg.br/media/sapl/public/materialegislativa/2019/10604/requerimento_-_sessao_camara_municipal.pdf","data_ultima_atualizacao":"2021-02-06T10:59:19.542076-03:00","ip":"","ultima_edicao":null,"tipo":1,"regime_tramitacao":1,"tipo_origem_externa":null,"local_origem_externa":null,"user":null,"anexadas":[],"autores":[23]}