{"id":10648,"__str__":"REQUERIMENTO n\u00ba 1321 de 2019","metadata":{},"numero":1321,"ano":2019,"numero_protocolo":2325,"data_apresentacao":"2019-06-18","tipo_apresentacao":"","data_publicacao":null,"numero_origem_externa":"","ano_origem_externa":null,"data_origem_externa":null,"apelido":"","dias_prazo":null,"data_fim_prazo":null,"em_tramitacao":false,"polemica":null,"objeto":"","complementar":null,"ementa":"Requer que se proceda com a aloca\u00e7\u00e3o de Agentes Comunit\u00e1rios de Sa\u00fade e de Combate \u00e0s Endemias para atendimento regular nas seguintes comunidades rurais: S\u00edtio Lagoa Salgada, S\u00edtio Zumb\u00e1, S\u00edtio Rafael de Dentro, S\u00edtio Barbat\u00e3o, S\u00edtio Pregui\u00e7a, S\u00edtio Queimada de Uru\u00e7u, S\u00edtio Contendas, S\u00edtio Jurit\u00ed, Vila Alto do S\u00edtio e Assentamento Normandia, neste munic\u00edpio.","indexacao":"","observacao":"","resultado":"","texto_original":"http://sapl.caruaru.pe.leg.br/media/sapl/public/materialegislativa/2019/10648/02.req._vecfcmc-__agentes_de_saude_-_zona_rural..pdf","data_ultima_atualizacao":"2021-02-06T10:59:20.145936-03:00","ip":"","ultima_edicao":null,"tipo":1,"regime_tramitacao":1,"tipo_origem_externa":null,"local_origem_externa":null,"user":null,"anexadas":[],"autores":[16]}