{"id":10694,"__str__":"PROJETO DE LEI COMPLEMENTAR n\u00ba 83 de 2019","metadata":{},"numero":83,"ano":2019,"numero_protocolo":2371,"data_apresentacao":"2019-06-18","tipo_apresentacao":"","data_publicacao":null,"numero_origem_externa":"","ano_origem_externa":null,"data_origem_externa":null,"apelido":"","dias_prazo":null,"data_fim_prazo":null,"em_tramitacao":false,"polemica":null,"objeto":"","complementar":null,"ementa":"Disp\u00f5e sobre\u00a0o\u00a0Programa de Educa\u00e7\u00e3o Integral no \u00e2mbito do Munic\u00edpio de Caruaru e d\u00e1 outras provid\u00eancias.","indexacao":"","observacao":"","resultado":"","texto_original":"http://sapl.caruaru.pe.leg.br/media/sapl/public/materialegislativa/2019/10694/projeto_de_lei_-_mensagem_020_-_lc_-_programa__kNECkUb.pdf","data_ultima_atualizacao":"2020-01-31T08:22:32.841550-03:00","ip":"","ultima_edicao":null,"tipo":4,"regime_tramitacao":1,"tipo_origem_externa":null,"local_origem_externa":null,"user":null,"anexadas":[10725,10746,10743,10744,10745],"autores":[33]}