{"id":10922,"__str__":"REQUERIMENTO n\u00ba 1451 de 2019","metadata":{},"numero":1451,"ano":2019,"numero_protocolo":2589,"data_apresentacao":"2019-08-06","tipo_apresentacao":"","data_publicacao":null,"numero_origem_externa":"","ano_origem_externa":null,"data_origem_externa":null,"apelido":"","dias_prazo":null,"data_fim_prazo":null,"em_tramitacao":false,"polemica":null,"objeto":"","complementar":null,"ementa":"Requer que se proceda com a substitui\u00e7\u00e3o das l\u00e2mpadas antigas de vapor de merc\u00fario, ou fluorescentes, por l\u00e2mpadas mais potentes de LED (Light Emitting Diode) ou de Vapor Met\u00e1lico na rede de ilumina\u00e7\u00e3o p\u00fablica da Avenida Batista Campos, da Rua Ayres da Cunha e da Rua Parana\u00edba, no Bairro Maur\u00edcio de Nassau, neste munic\u00edpio.","indexacao":"","observacao":"","resultado":"","texto_original":"http://sapl.caruaru.pe.leg.br/media/sapl/public/materialegislativa/2019/10922/03._req._vecfcmc_-_led_na_rua_ayres_da_cunha_p_GIWKOPt.pdf","data_ultima_atualizacao":"2021-02-06T10:59:53.877291-03:00","ip":"","ultima_edicao":null,"tipo":1,"regime_tramitacao":1,"tipo_origem_externa":null,"local_origem_externa":null,"user":null,"anexadas":[],"autores":[16]}