{"id":11086,"__str__":"REQUERIMENTO n\u00ba 1528 de 2019","metadata":{},"numero":1528,"ano":2019,"numero_protocolo":2749,"data_apresentacao":"2019-08-15","tipo_apresentacao":"","data_publicacao":null,"numero_origem_externa":"","ano_origem_externa":null,"data_origem_externa":null,"apelido":"","dias_prazo":null,"data_fim_prazo":null,"em_tramitacao":false,"polemica":null,"objeto":"","complementar":null,"ementa":"Requer a instala\u00e7\u00e3o de placa de sinaliza\u00e7\u00e3o de tr\u00e2nsito para pessoas com defici\u00eancia e rebaixamento da cal\u00e7ada, nas proximidades da Igreja do Vale da Ben\u00e7\u00e3o Central, no Bairro S\u00e3o Francisco.","indexacao":"","observacao":"","resultado":"","texto_original":"http://sapl.caruaru.pe.leg.br/media/sapl/public/materialegislativa/2019/11086/requerimento_-_sinalizacao.pdf","data_ultima_atualizacao":"2021-02-06T11:02:00.976704-03:00","ip":"","ultima_edicao":null,"tipo":1,"regime_tramitacao":1,"tipo_origem_externa":null,"local_origem_externa":null,"user":null,"anexadas":[],"autores":[23]}