{"id":11253,"__str__":"REQUERIMENTO n\u00ba 1572 de 2019","metadata":{},"numero":1572,"ano":2019,"numero_protocolo":2915,"data_apresentacao":"2019-08-20","tipo_apresentacao":"","data_publicacao":null,"numero_origem_externa":"","ano_origem_externa":null,"data_origem_externa":null,"apelido":"","dias_prazo":null,"data_fim_prazo":null,"em_tramitacao":false,"polemica":null,"objeto":"","complementar":null,"ementa":"Requer instala\u00e7\u00e3o de Feira Livre e espa\u00e7o multiuso em \u00e1rea verde localizada na Rua Gonzag\u00e3o, Bairro Vila Andorinhas, para atendimento \u00e0 popula\u00e7\u00e3o desse bairro, do Xique-Xique e do Dem\u00f3stenes Veras.","indexacao":"","observacao":"","resultado":"","texto_original":"http://sapl.caruaru.pe.leg.br/media/sapl/public/materialegislativa/2019/11253/07_-_requerimento_para_feira_livre_vila_andori_89li3mb.pdf","data_ultima_atualizacao":"2021-02-06T11:02:12.258805-03:00","ip":"","ultima_edicao":null,"tipo":1,"regime_tramitacao":1,"tipo_origem_externa":null,"local_origem_externa":null,"user":null,"anexadas":[],"autores":[12]}