{"id":11406,"__str__":"REQUERIMENTO n\u00ba 1647 de 2019","metadata":{},"numero":1647,"ano":2019,"numero_protocolo":3065,"data_apresentacao":"2019-08-27","tipo_apresentacao":"","data_publicacao":null,"numero_origem_externa":"","ano_origem_externa":null,"data_origem_externa":null,"apelido":"","dias_prazo":null,"data_fim_prazo":null,"em_tramitacao":false,"polemica":null,"objeto":"","complementar":null,"ementa":"Requer a execu\u00e7\u00e3o do programa PREFEITURA JUNTO COM VOC\u00ca, na Vila Peladas.","indexacao":"","observacao":"","resultado":"","texto_original":"http://sapl.caruaru.pe.leg.br/media/sapl/public/materialegislativa/2019/11406/requerimento_-_prefeitura_junto_com_voce_-_peladas.pdf","data_ultima_atualizacao":"2021-02-06T11:03:53.448943-03:00","ip":"","ultima_edicao":null,"tipo":1,"regime_tramitacao":1,"tipo_origem_externa":null,"local_origem_externa":null,"user":null,"anexadas":[],"autores":[23]}