{"id":11451,"__str__":"REQUERIMENTO n\u00ba 1665 de 2019","metadata":{},"numero":1665,"ano":2019,"numero_protocolo":3104,"data_apresentacao":"2019-08-29","tipo_apresentacao":"","data_publicacao":null,"numero_origem_externa":"","ano_origem_externa":null,"data_origem_externa":null,"apelido":"","dias_prazo":null,"data_fim_prazo":null,"em_tramitacao":false,"polemica":null,"objeto":"","complementar":null,"ementa":"Requer que, reiterando a propositura n\u00ba 604/2017, se proceda com a substitui\u00e7\u00e3o das l\u00e2mpadas antigas de vapor de merc\u00fario, ou fluorescentes, por l\u00e2mpadas de LED (Light Emitting Diode) ou por l\u00e2mpadas brancas de vapor met\u00e1lico na rede de ilumina\u00e7\u00e3o p\u00fablica de toda a Vila do Xique-Xique, parte alta e parte baixa.","indexacao":"","observacao":"","resultado":"","texto_original":"http://sapl.caruaru.pe.leg.br/media/sapl/public/materialegislativa/2019/11451/03._req._vecfcmc_-_lampadas_de_led_-_xique-xiq_ZAR1s3i.pdf","data_ultima_atualizacao":"2021-02-06T11:03:57.236710-03:00","ip":"","ultima_edicao":null,"tipo":1,"regime_tramitacao":1,"tipo_origem_externa":null,"local_origem_externa":null,"user":null,"anexadas":[],"autores":[16]}