{"id":11457,"__str__":"REQUERIMENTO n\u00ba 1670 de 2019","metadata":{},"numero":1670,"ano":2019,"numero_protocolo":3110,"data_apresentacao":"2019-08-29","tipo_apresentacao":"","data_publicacao":null,"numero_origem_externa":"","ano_origem_externa":null,"data_origem_externa":null,"apelido":"","dias_prazo":null,"data_fim_prazo":null,"em_tramitacao":false,"polemica":null,"objeto":"","complementar":null,"ementa":"REQ.  Espa\u00e7o durante sess\u00e3o ord. para explana\u00e7\u00e3o sobre o mov. APAE","indexacao":"","observacao":"","resultado":"","texto_original":"http://sapl.caruaru.pe.leg.br/media/sapl/public/materialegislativa/2019/11457/dig._req._2019_apae_espaco_durante_sessao_ordi_rVeaR3f.pdf","data_ultima_atualizacao":"2021-02-06T11:03:58.271988-03:00","ip":"","ultima_edicao":null,"tipo":1,"regime_tramitacao":1,"tipo_origem_externa":null,"local_origem_externa":null,"user":null,"anexadas":[],"autores":[28]}