{"id":11471,"__str__":"REQUERIMENTO n\u00ba 1682 de 2019","metadata":{},"numero":1682,"ano":2019,"numero_protocolo":3124,"data_apresentacao":"2019-08-29","tipo_apresentacao":"","data_publicacao":null,"numero_origem_externa":"","ano_origem_externa":null,"data_origem_externa":null,"apelido":"","dias_prazo":null,"data_fim_prazo":null,"em_tramitacao":false,"polemica":null,"objeto":"","complementar":null,"ementa":"Requerimento solicitando a concretiza\u00e7\u00e3o do projeto de revitaliza\u00e7\u00e3o da quadra poliesportiva, bem como a instala\u00e7\u00e3o do alambrado ao redor da quadra, redes de prote\u00e7\u00e3o e as barras, na Escola Municipal Cesarina Vieira, na Vila do Rafael, 2\u00ba Distrito do Munic\u00edpio de Caruaru.","indexacao":"","observacao":"","resultado":"","texto_original":"http://sapl.caruaru.pe.leg.br/media/sapl/public/materialegislativa/2019/11471/alambrado_no_rafael_-_assinado.pdf","data_ultima_atualizacao":"2021-02-06T11:04:01.234707-03:00","ip":"","ultima_edicao":null,"tipo":1,"regime_tramitacao":1,"tipo_origem_externa":null,"local_origem_externa":null,"user":null,"anexadas":[],"autores":[22]}