{"id":11618,"__str__":"REQUERIMENTO n\u00ba 1684 de 2019","metadata":{},"numero":1684,"ano":2019,"numero_protocolo":3270,"data_apresentacao":"2019-09-03","tipo_apresentacao":"","data_publicacao":null,"numero_origem_externa":"","ano_origem_externa":null,"data_origem_externa":null,"apelido":"","dias_prazo":null,"data_fim_prazo":null,"em_tramitacao":false,"polemica":null,"objeto":"","complementar":null,"ementa":"Requer votos de aplausos, \u00e0 Radio Cultura do Nordeste, alusivo aos seus 61 anos de relevantes e inestim\u00e1veis servi\u00e7os prestados \u00e0 sociedade caruaruense.","indexacao":"","observacao":"","resultado":"","texto_original":"http://sapl.caruaru.pe.leg.br/media/sapl/public/materialegislativa/2019/11618/requerimento_-_radio_cultura_ujfmsmo.pdf","data_ultima_atualizacao":"2021-02-06T11:04:01.819254-03:00","ip":"","ultima_edicao":null,"tipo":1,"regime_tramitacao":1,"tipo_origem_externa":null,"local_origem_externa":null,"user":null,"anexadas":[],"autores":[23]}