{"id":11628,"__str__":"REQUERIMENTO n\u00ba 1692 de 2019","metadata":{},"numero":1692,"ano":2019,"numero_protocolo":3280,"data_apresentacao":"2019-09-03","tipo_apresentacao":"","data_publicacao":null,"numero_origem_externa":"","ano_origem_externa":null,"data_origem_externa":null,"apelido":"","dias_prazo":null,"data_fim_prazo":null,"em_tramitacao":false,"polemica":null,"objeto":"","complementar":null,"ementa":"Requeremos \u00e0 Mesa Diretora desta Casa Legislativa, depois de ouvido o plen\u00e1rio e cumpridas as formalidades regimentais, que seja encaminhado apelo \u00e0 Excelent\u00edssima Senhora Prefeita do Munic\u00edpio de Caruaru, Raquel Teixeira Lyra, extensivo ao Secret\u00e1rio de Servi\u00e7os P\u00fablicos, Ytalo Thiago Santos Farias, para viabiliza\u00e7\u00e3o de ilumina\u00e7\u00e3o com l\u00e2mpadas de LED na Avenida Estanislau Cordeiro de Melo, Bairro Indian\u00f3polis, nesta urbe.","indexacao":"","observacao":"","resultado":"","texto_original":"http://sapl.caruaru.pe.leg.br/media/sapl/public/materialegislativa/2019/11628/13_-_requerimento_-_lampadas_de_led_estanislau_QLzYRne.pdf","data_ultima_atualizacao":"2021-02-06T11:04:03.923924-03:00","ip":"","ultima_edicao":null,"tipo":1,"regime_tramitacao":1,"tipo_origem_externa":null,"local_origem_externa":null,"user":null,"anexadas":[],"autores":[12]}