{"id":11709,"__str__":"REQUERIMENTO n\u00ba 1743 de 2019","metadata":{},"numero":1743,"ano":2019,"numero_protocolo":3357,"data_apresentacao":"2019-09-12","tipo_apresentacao":"","data_publicacao":null,"numero_origem_externa":"","ano_origem_externa":null,"data_origem_externa":null,"apelido":"","dias_prazo":null,"data_fim_prazo":null,"em_tramitacao":false,"polemica":null,"objeto":"","complementar":null,"ementa":"Disp\u00f5e sobre a solicita\u00e7\u00e3o de um espa\u00e7o na Sess\u00e3o Ordin\u00e1ria do dia 17 de setembro de 2019 para celebra\u00e7\u00e3o dos 170 anos de funda\u00e7\u00e3o desta Casa Legislativa.","indexacao":"","observacao":"","resultado":"","texto_original":"http://sapl.caruaru.pe.leg.br/media/sapl/public/materialegislativa/2019/11709/requerimento_-_170_anos.pdf","data_ultima_atualizacao":"2021-02-06T11:21:22.989821-03:00","ip":"","ultima_edicao":null,"tipo":1,"regime_tramitacao":1,"tipo_origem_externa":null,"local_origem_externa":null,"user":null,"anexadas":[],"autores":[23]}