{"id":11985,"__str__":"REQUERIMENTO n\u00ba 1810 de 2019","metadata":{},"numero":1810,"ano":2019,"numero_protocolo":3571,"data_apresentacao":"2019-09-24","tipo_apresentacao":"","data_publicacao":null,"numero_origem_externa":"","ano_origem_externa":null,"data_origem_externa":null,"apelido":"","dias_prazo":null,"data_fim_prazo":null,"em_tramitacao":false,"polemica":null,"objeto":"","complementar":null,"ementa":"Votos de Aplausos e Congratula\u00e7\u00f5es, aos 59 anos de funda\u00e7\u00e3o da Ordem dos Advogados do Brasil (OAB) \u2013 Subse\u00e7\u00e3o Caruaru.","indexacao":"","observacao":"","resultado":"","texto_original":"http://sapl.caruaru.pe.leg.br/media/sapl/public/materialegislativa/2019/11985/requerimento_-_votos_de_aplausos_-_oab_.pdf","data_ultima_atualizacao":"2021-02-06T11:09:07.144120-03:00","ip":"","ultima_edicao":null,"tipo":1,"regime_tramitacao":1,"tipo_origem_externa":null,"local_origem_externa":null,"user":null,"anexadas":[],"autores":[23]}