{"id":12755,"__str__":"REQUERIMENTO n\u00ba 2010 de 2019","metadata":{},"numero":2010,"ano":2019,"numero_protocolo":4279,"data_apresentacao":"2019-11-07","tipo_apresentacao":"","data_publicacao":null,"numero_origem_externa":"","ano_origem_externa":null,"data_origem_externa":null,"apelido":"","dias_prazo":null,"data_fim_prazo":null,"em_tramitacao":false,"polemica":null,"objeto":"","complementar":null,"ementa":"Requer-se implanta\u00e7\u00e3o de um Ambulat\u00f3rio Multiprofissional Especializado (AME) para atendimento \u00e0 crian\u00e7as com Transtornos do Espectro Autista (TEA)","indexacao":"","observacao":"","resultado":"","texto_original":"http://sapl.caruaru.pe.leg.br/media/sapl/public/materialegislativa/2019/12755/37_-_ame_para_criancas_deficientes.pdf","data_ultima_atualizacao":"2021-02-06T09:22:06.165172-03:00","ip":"","ultima_edicao":null,"tipo":1,"regime_tramitacao":1,"tipo_origem_externa":null,"local_origem_externa":null,"user":null,"anexadas":[],"autores":[12]}