{"id":12885,"__str__":"REQUERIMENTO n\u00ba 2061 de 2019","metadata":{},"numero":2061,"ano":2019,"numero_protocolo":4406,"data_apresentacao":"2019-11-13","tipo_apresentacao":"","data_publicacao":null,"numero_origem_externa":"","ano_origem_externa":null,"data_origem_externa":null,"apelido":"","dias_prazo":null,"data_fim_prazo":null,"em_tramitacao":false,"polemica":null,"objeto":"","complementar":null,"ementa":"Requer que se proceda com a substitui\u00e7\u00e3o das l\u00e2mpadas antigas de vapor de merc\u00fario, ou fluorescentes, por l\u00e2mpadas mais potentes de LED (Light Emitting Diode), ou mesmo de Vapor Met\u00e1lico, na rede de ilumina\u00e7\u00e3o p\u00fablica da Rua Manoel Ab\u00edlio da Silva (R-08), localizada no Bairro Cidade Jardim.","indexacao":"","observacao":"","resultado":"","texto_original":"http://sapl.caruaru.pe.leg.br/media/sapl/public/materialegislativa/2019/12885/01._req._vecfcmc_-_led_manoel_abilio_-_cidade_jardim.pdf","data_ultima_atualizacao":"2021-02-06T09:22:19.403427-03:00","ip":"","ultima_edicao":null,"tipo":1,"regime_tramitacao":1,"tipo_origem_externa":null,"local_origem_externa":null,"user":null,"anexadas":[],"autores":[16]}