{"id":12929,"__str__":"REQUERIMENTO n\u00ba 2084 de 2019","metadata":{},"numero":2084,"ano":2019,"numero_protocolo":4433,"data_apresentacao":"2019-11-21","tipo_apresentacao":"","data_publicacao":null,"numero_origem_externa":"","ano_origem_externa":null,"data_origem_externa":null,"apelido":"","dias_prazo":null,"data_fim_prazo":null,"em_tramitacao":false,"polemica":null,"objeto":"","complementar":null,"ementa":"REQUER A REALIZA\u00c7\u00c3O DE AUDI\u00caNCIA P\u00daBLICA, PARA SE DISCUTIR COM O PODER EXECUTIVO MUNICIPAL, AUTORIDADES, SINDICATO DA CLASSE E A SOCIEDADE CIVIL, SOBRE A URG\u00caNCIA NA PROPOSITURA DE UM PROJETO DE LEI QUE AUTORIZE O MUNIC\u00cdPIO A FAZER O RATEIO ENTRE OS PROFESSORES LOCAIS, DE 60% DOS PRECAT\u00d3RIOS DO GOVERNO FEDERAL NO FUNDEF - FUNDO DE MANUTEN\u00c7\u00c3O E DESENVOLVIMENTO DO ENSINO FUNDAMENTAL E DE VALORIZA\u00c7\u00c3O DO MAGIST\u00c9RIO.","indexacao":"","observacao":"","resultado":"","texto_original":"http://sapl.caruaru.pe.leg.br/media/sapl/public/materialegislativa/2019/12929/req._solicitando_audiencia_publica-discussao_criacao_projeto_de_lei_do_fundef..pdf","data_ultima_atualizacao":"2021-02-06T09:22:25.861650-03:00","ip":"","ultima_edicao":null,"tipo":1,"regime_tramitacao":1,"tipo_origem_externa":null,"local_origem_externa":null,"user":null,"anexadas":[],"autores":[24]}