{"id":13097,"__str__":"PROJETO DE LEI n\u00ba 8483 de 2019","metadata":{"signs":{"texto_original":{"admin":[],"autores":[["Nome do Assinante N\u00e3o Localizado.",["2019-12-05T09:24:09-03:00","Gabinete do Vereador Fagner Fernandes"]]]}}},"numero":8483,"ano":2019,"numero_protocolo":4568,"data_apresentacao":"2019-12-05","tipo_apresentacao":"","data_publicacao":null,"numero_origem_externa":"","ano_origem_externa":null,"data_origem_externa":null,"apelido":"","dias_prazo":null,"data_fim_prazo":null,"em_tramitacao":false,"polemica":null,"objeto":"","complementar":null,"ementa":"Fica denominada de Avenida Colorado, a art\u00e9ria que tem in\u00edcio na Avenida Serena, e t\u00e9rmino na entrada do S\u00edtio Campo Novo, no bairro Indian\u00f3polis.","indexacao":"","observacao":"","resultado":"","texto_original":"http://sapl.caruaru.pe.leg.br/media/sapl/public/materialegislativa/2019/13097/projeto_de_lei_av_colorado.pdf","data_ultima_atualizacao":"2025-01-04T10:07:38.830992-03:00","ip":"","ultima_edicao":null,"tipo":3,"regime_tramitacao":1,"tipo_origem_externa":null,"local_origem_externa":null,"user":null,"anexadas":[33729,17395,17370],"autores":[18]}