{"id":13810,"__str__":"REQUERIMENTO n\u00ba 236 de 2020","metadata":{},"numero":236,"ano":2020,"numero_protocolo":6128,"data_apresentacao":"2020-02-13","tipo_apresentacao":"","data_publicacao":null,"numero_origem_externa":"","ano_origem_externa":null,"data_origem_externa":null,"apelido":"","dias_prazo":null,"data_fim_prazo":null,"em_tramitacao":false,"polemica":null,"objeto":"","complementar":null,"ementa":"Solicita\u00e7\u00e3o de abertura da Comiss\u00e3o Tempor\u00e1ria Especial do Transporte P\u00fablico de Caruaru, incluindo os transportes alternativos, para atua\u00e7\u00e3o no ano de 2020.","indexacao":"","observacao":"","resultado":"","texto_original":"http://sapl.caruaru.pe.leg.br/media/sapl/public/materialegislativa/2020/13810/req_abertura_de_comissao_especial_do_transporte_publico.pdf","data_ultima_atualizacao":"2021-02-06T11:26:24.484609-03:00","ip":"","ultima_edicao":null,"tipo":1,"regime_tramitacao":1,"tipo_origem_externa":null,"local_origem_externa":null,"user":null,"anexadas":[],"autores":[14]}