{"id":13822,"__str__":"REQUERIMENTO n\u00ba 243 de 2020","metadata":{},"numero":243,"ano":2020,"numero_protocolo":6139,"data_apresentacao":"2020-02-13","tipo_apresentacao":"","data_publicacao":null,"numero_origem_externa":"","ano_origem_externa":null,"data_origem_externa":null,"apelido":"","dias_prazo":null,"data_fim_prazo":null,"em_tramitacao":false,"polemica":null,"objeto":"","complementar":null,"ementa":"REITERA VIABILIZA\u00c7\u00c3O DA REFORMA DA QUADRA POLIESPORTIVA E DO CAMPO DE FUTEBOL INSTALADOS NA PRA\u00c7A DAS RENDEIRAS, NESTA CIDADE, PROMOVENDO A REPOSI\u00c7\u00c3O DOS EQUIPAMENTOS DANIFICADOS, REFORMA DO PISO DA QUADRA, SERVI\u00c7OS DE PINTURA, DENTRE OUTRAS INTERVEN\u00c7\u00d5ES A SEREM OBSERVADAS PELO PODER EXECUTIVO.","indexacao":"","observacao":"","resultado":"","texto_original":"http://sapl.caruaru.pe.leg.br/media/sapl/public/materialegislativa/2020/13822/requerimento-reitera_reforma_quadra_poliesportiva_e_campo_futebol_pracas_das_rendeiras..pdf","data_ultima_atualizacao":"2021-02-06T11:26:25.855058-03:00","ip":"","ultima_edicao":null,"tipo":1,"regime_tramitacao":1,"tipo_origem_externa":null,"local_origem_externa":null,"user":null,"anexadas":[],"autores":[24]}