{"id":13875,"__str__":"REQUERIMENTO n\u00ba 280 de 2020","metadata":{},"numero":280,"ano":2020,"numero_protocolo":6191,"data_apresentacao":"2020-02-18","tipo_apresentacao":"","data_publicacao":null,"numero_origem_externa":"","ano_origem_externa":null,"data_origem_externa":null,"apelido":"","dias_prazo":null,"data_fim_prazo":null,"em_tramitacao":false,"polemica":null,"objeto":"","complementar":null,"ementa":"Requer o reiteramento da revitaliza\u00e7\u00e3o da Feira de Importados com um galp\u00e3o com cobertura, nesta cidade de Caruaru.","indexacao":"","observacao":"","resultado":"","texto_original":"http://sapl.caruaru.pe.leg.br/media/sapl/public/materialegislativa/2020/13875/requer__a_revitalizacao_da_feira_de_importados_com_a_construcao_de_uma_galpao_com_cobertura.pdf","data_ultima_atualizacao":"2021-02-06T11:26:37.467032-03:00","ip":"","ultima_edicao":null,"tipo":1,"regime_tramitacao":1,"tipo_origem_externa":null,"local_origem_externa":null,"user":null,"anexadas":[],"autores":[15]}