{"id":14122,"__str__":"INDICA\u00c7\u00c3O n\u00ba 50 de 2020","metadata":{},"numero":50,"ano":2020,"numero_protocolo":6430,"data_apresentacao":"2020-03-12","tipo_apresentacao":"","data_publicacao":null,"numero_origem_externa":"","ano_origem_externa":null,"data_origem_externa":null,"apelido":"","dias_prazo":null,"data_fim_prazo":null,"em_tramitacao":false,"polemica":null,"objeto":"","complementar":null,"ementa":"Requer ao ao Excelent\u00edssimo Governador de Pernambuco, Sr.\u00ba Paulo C\u00e2mara, extensivo \u00e0 CELPE \u2013 Companhia Energ\u00e9tica de Pernambuco, para que se proceda com a implanta\u00e7\u00e3o de ilumina\u00e7\u00e3o em LED (Light Emitting Diode), ou mesmo de Vapor Met\u00e1lico, na rede de ilumina\u00e7\u00e3o p\u00fablica nas ruas residenciais do Conjunto Habitacional Dem\u00f3stenes Veras, Caruaru-Pe.","indexacao":"","observacao":"","resultado":"","texto_original":"http://sapl.caruaru.pe.leg.br/media/sapl/public/materialegislativa/2020/14122/indicacao_-_vecfcmc_-governo_do_estado_-_demostenes_veras.pdf","data_ultima_atualizacao":"2021-02-03T20:38:15.940526-03:00","ip":"","ultima_edicao":null,"tipo":2,"regime_tramitacao":1,"tipo_origem_externa":null,"local_origem_externa":null,"user":null,"anexadas":[],"autores":[16]}