{"id":14313,"__str__":"REQUERIMENTO n\u00ba 570 de 2020","metadata":{},"numero":570,"ano":2020,"numero_protocolo":6609,"data_apresentacao":"2020-04-28","tipo_apresentacao":"","data_publicacao":null,"numero_origem_externa":"","ano_origem_externa":null,"data_origem_externa":null,"apelido":"","dias_prazo":null,"data_fim_prazo":null,"em_tramitacao":false,"polemica":null,"objeto":"","complementar":null,"ementa":"Solicita\u00e7\u00e3o de isen\u00e7\u00e3o do pagamento de alvar\u00e1 e taxas adicionais, por um ano, dos/das trabalhadores/as do Com\u00e9rcio na Pra\u00e7a, em virtude das consequ\u00eancias econ\u00f4micas oriundas da pandemia do COVID-19.","indexacao":"","observacao":"","resultado":"","texto_original":"http://sapl.caruaru.pe.leg.br/media/sapl/public/materialegislativa/2020/14313/requerimento_comercio_na_praca.pdf","data_ultima_atualizacao":"2021-02-06T11:36:32.578623-03:00","ip":"","ultima_edicao":null,"tipo":1,"regime_tramitacao":1,"tipo_origem_externa":null,"local_origem_externa":null,"user":null,"anexadas":[],"autores":[14]}