{"id":14360,"__str__":"REQUERIMENTO n\u00ba 604 de 2020","metadata":{},"numero":604,"ano":2020,"numero_protocolo":6654,"data_apresentacao":"2020-04-30","tipo_apresentacao":"","data_publicacao":null,"numero_origem_externa":"","ano_origem_externa":null,"data_origem_externa":null,"apelido":"","dias_prazo":null,"data_fim_prazo":null,"em_tramitacao":false,"polemica":null,"objeto":"","complementar":null,"ementa":"Requer que se proceda com a libera\u00e7\u00e3o do com\u00e9rcio na Feira do Pl\u00e1stico e do Alum\u00ednio nos dias que antecedem o Dia das M\u00e3es, neste munic\u00edpio, com hor\u00e1rio reduzido e antendendo as medidas de seguran\u00e7a e higiene estabelecidas pela Secretaria de Sa\u00fade.","indexacao":"","observacao":"","resultado":"","texto_original":"http://sapl.caruaru.pe.leg.br/media/sapl/public/materialegislativa/2020/14360/05.req._vecfcmc-__comercio.pdf","data_ultima_atualizacao":"2021-02-06T11:36:41.371194-03:00","ip":"","ultima_edicao":null,"tipo":1,"regime_tramitacao":1,"tipo_origem_externa":null,"local_origem_externa":null,"user":null,"anexadas":[],"autores":[16]}