{"id":14566,"__str__":"REQUERIMENTO n\u00ba 729 de 2020","metadata":{},"numero":729,"ano":2020,"numero_protocolo":6848,"data_apresentacao":"2020-05-28","tipo_apresentacao":"","data_publicacao":null,"numero_origem_externa":"","ano_origem_externa":null,"data_origem_externa":null,"apelido":"","dias_prazo":null,"data_fim_prazo":null,"em_tramitacao":false,"polemica":null,"objeto":"","complementar":null,"ementa":"Requer a chefe do poder executivo a constru\u00e7\u00e3o de uma pra\u00e7a ao lado do a\u00e7ude de Malhada de Pedras.","indexacao":"","observacao":"","resultado":"","texto_original":"http://sapl.caruaru.pe.leg.br/media/sapl/public/materialegislativa/2020/14566/requerimento_no_21_praca_em_malhada_de_pedras.pdf","data_ultima_atualizacao":"2021-02-06T11:42:31.762680-03:00","ip":"","ultima_edicao":null,"tipo":1,"regime_tramitacao":1,"tipo_origem_externa":null,"local_origem_externa":null,"user":null,"anexadas":[],"autores":[11]}