{"id":14683,"__str__":"REQUERIMENTO n\u00ba 800 de 2020","metadata":{},"numero":800,"ano":2020,"numero_protocolo":6961,"data_apresentacao":"2020-06-09","tipo_apresentacao":"","data_publicacao":null,"numero_origem_externa":"","ano_origem_externa":null,"data_origem_externa":null,"apelido":"","dias_prazo":null,"data_fim_prazo":null,"em_tramitacao":false,"polemica":null,"objeto":"","complementar":null,"ementa":"Solicita\u00e7\u00e3o para que a Guarda Municipal realize a seguran\u00e7a do patrim\u00f4nio dos/das feirantes na Feira de Caruaru, durante o per\u00edodo de isolamento social, em virtude da pandemia da COVID-19.","indexacao":"","observacao":"","resultado":"","texto_original":"http://sapl.caruaru.pe.leg.br/media/sapl/public/materialegislativa/2020/14683/requerimento_guarda_municipal_preservacao_da_feira.pdf","data_ultima_atualizacao":"2021-02-06T11:42:50.097421-03:00","ip":"","ultima_edicao":null,"tipo":1,"regime_tramitacao":1,"tipo_origem_externa":null,"local_origem_externa":null,"user":null,"anexadas":[],"autores":[14]}