{"id":14695,"__str__":"PROJETO DE LEI n\u00ba 8537 de 2020","metadata":{},"numero":8537,"ano":2020,"numero_protocolo":6971,"data_apresentacao":"2020-06-12","tipo_apresentacao":"","data_publicacao":null,"numero_origem_externa":"","ano_origem_externa":null,"data_origem_externa":null,"apelido":"","dias_prazo":null,"data_fim_prazo":null,"em_tramitacao":false,"polemica":null,"objeto":"","complementar":null,"ementa":"Disp\u00f5e sobre a suspens\u00e3o do corte de \u00e1gua e energia enquanto permanecer decretada situa\u00e7\u00e3o anormal, caracterizada como \u201cEstado de Calamidade P\u00fablica\u201d, no \u00e2mbito do Munic\u00edpio de Caruaru, em virtude da emerg\u00eancia de sa\u00fade p\u00fablica de import\u00e2ncia internacional decorrente do coronav\u00edrus.","indexacao":"","observacao":"","resultado":"","texto_original":"http://sapl.caruaru.pe.leg.br/media/sapl/public/materialegislativa/2020/14695/pl_corte_de_energia.pdf","data_ultima_atualizacao":"2020-08-03T11:51:51.940266-03:00","ip":"","ultima_edicao":null,"tipo":3,"regime_tramitacao":1,"tipo_origem_externa":null,"local_origem_externa":null,"user":null,"anexadas":[14885,14887,14832,14834,14884,14886,14888],"autores":[14]}